{"id":4926,"date":"2025-06-23T12:31:44","date_gmt":"2025-06-23T16:31:44","guid":{"rendered":"https:\/\/illuxi.com\/?p=4926"},"modified":"2025-06-23T12:31:13","modified_gmt":"2025-06-23T16:31:13","slug":"illuxi-welcomes-mathieu-brillon-as-chief-operating-and-financial-officer-coo-cfo","status":"publish","type":"post","link":"https:\/\/illuxi.com\/en\/illuxi-welcomes-mathieu-brillon-as-chief-operating-and-financial-officer-coo-cfo\/","title":{"rendered":"illuxi Welcomes Mathieu Brillon as Chief Operating and Financial Officer (COO\/CFO)"},"content":{"rendered":"\t\t<div data-elementor-type=\"wp-post\" data-elementor-id=\"4926\" class=\"elementor elementor-4926 elementor-4925\" data-elementor-post-type=\"post\">\n\t\t\t\t<div data-particle_enable=\"false\" data-particle-mobile-disabled=\"false\" class=\"elementor-element elementor-element-cf2fd52 e-flex e-con-boxed e-con e-parent\" data-id=\"cf2fd52\" data-element_type=\"container\" data-settings=\"{&quot;jet_parallax_layout_list&quot;:[]}\">\n\t\t\t\t\t<div class=\"e-con-inner\">\n\t\t\t\t<div class=\"elementor-element elementor-element-5d14b17 elementor-widget elementor-widget-text-editor\" data-id=\"5d14b17\" data-element_type=\"widget\" data-widget_type=\"text-editor.default\">\n\t\t\t\t<div class=\"elementor-widget-container\">\n\t\t\t\t\t\t\t<p class=\"p1\">We are pleased to announce the arrival of <a href=\"https:\/\/www.linkedin.com\/in\/mbrillon\/\"><span class=\"s1\"><b>Mathieu Brillon<\/b><\/span><\/a> to the illuxi executive team as <span class=\"s1\"><b>Chief Operating and Financial Officer (COO\/CFO)<\/b><\/span>. This strategic appointment marks a major milestone in accelerating our growth and realizing our vision: to reinvent skills development in the age of artificial intelligence.<\/p>\n<p class=\"p1\">Mathieu brings extensive experience in operational management, financial planning, and business scaling. His impressive track record across various innovative organizations makes him a valuable asset in supporting illuxi\u2019s rise\u2014both in Quebec and internationally.<\/p>\n<p class=\"p1\">From his very first meeting with our team,&nbsp;Mathieu immediately recognized the transformative potential of illuxi. Faced with the colossal challenge of requalifying over <span class=\"s1\"><b>6.5 million workers in Canada<\/b><\/span>\u2014and <span class=\"s1\"><b>over 1 billion globally<\/b><\/span>\u2014he saw a meaningful opportunity to be part of a real and impactful solution.<\/p>\n<p class=\"p1\">With its intelligent, personalized, and adaptive LMS platform, illuxi is already a key player in the digital learning space. Mathieu\u2019s arrival will strengthen and accelerate our growth strategy, leveraging operational excellence, financial discipline, and social impact.<\/p>\n<p class=\"p3\"><b>Welcome to the illuxi adventure, Mathieu!<\/b><\/p>\t\t\t\t\t\t<\/div>\n\t\t\t\t<\/div>\n\t\t\t\t\t<\/div>\n\t\t\t\t<\/div>\n\t\t\t\t<\/div>\n\t\t","protected":false},"excerpt":{"rendered":"<p>We are pleased to announce the arrival of Mathieu Brillon to the illuxi executive team as Chief Operating and Financial Officer (COO\/CFO). This strategic appointment marks a major milestone in accelerating our growth and realizing our vision: to reinvent skills development in the age of artificial intelligence. Mathieu brings extensive experience in operational management, financial [&hellip;]<\/p>\n","protected":false},"author":7,"featured_media":4928,"comment_status":"open","ping_status":"open","sticky":false,"template":"","format":"standard","meta":{"_acf_changed":false,"content-type":"","footnotes":""},"categories":[52],"tags":[],"class_list":["post-4926","post","type-post","status-publish","format-standard","has-post-thumbnail","hentry","category-corporate-culture-and-team"],"acf":[],"yoast_head":"<!-- This site is optimized with the Yoast SEO plugin v23.6 - https:\/\/yoast.com\/wordpress\/plugins\/seo\/ -->\n<title>illuxi Welcomes Mathieu Brillon as Chief Operating and Financial Officer (COO\/CFO) - illuxi<\/title>\n<meta name=\"robots\" content=\"index, follow, max-snippet:-1, max-image-preview:large, max-video-preview:-1\" \/>\n<link rel=\"canonical\" href=\"https:\/\/illuxi.com\/en\/illuxi-welcomes-mathieu-brillon-as-chief-operating-and-financial-officer-coo-cfo\/\" \/>\n<meta property=\"og:locale\" content=\"en_US\" \/>\n<meta property=\"og:type\" content=\"article\" \/>\n<meta property=\"og:title\" content=\"illuxi welcomes Mathieu Brillon as Chief Operating and Financial Officer (COO\/CFO)\" \/>\n<meta property=\"og:description\" content=\"We are pleased to announce the arrival of Mathieu Brillon to the illuxi executive team as Chief Operating and Financial Officer (COO\/CFO). This strategic appointment marks a major milestone in accelerating our growth and realizing our vision: to reinvent skills development in the age of artificial intelligence. Mathieu brings extensive experience in operational management, financial [&hellip;]\" \/>\n<meta property=\"og:url\" content=\"https:\/\/illuxi.com\/en\/illuxi-welcomes-mathieu-brillon-as-chief-operating-and-financial-officer-coo-cfo\/\" \/>\n<meta property=\"og:site_name\" content=\"illuxi\" \/>\n<meta property=\"article:publisher\" content=\"https:\/\/www.facebook.com\/intelligenceilluxi\/\" \/>\n<meta property=\"article:published_time\" content=\"2025-06-23T16:31:44+00:00\" \/>\n<meta property=\"article:modified_time\" content=\"2025-06-23T16:31:13+00:00\" \/>\n<meta property=\"og:image\" content=\"https:\/\/illuxi.com\/wp-content\/uploads\/2025\/06\/Screenshot-2025-06-23-at-11.23.15.png\" \/>\n\t<meta property=\"og:image:width\" content=\"806\" \/>\n\t<meta property=\"og:image:height\" content=\"1206\" \/>\n\t<meta property=\"og:image:type\" content=\"image\/png\" \/>\n<meta name=\"author\" content=\"Philippe Richard Bertrand\" \/>\n<meta name=\"twitter:card\" content=\"summary_large_image\" \/>\n<meta name=\"twitter:label1\" content=\"Written by\" \/>\n\t<meta name=\"twitter:data1\" content=\"Philippe Richard Bertrand\" \/>\n\t<meta name=\"twitter:label2\" content=\"Est. reading time\" \/>\n\t<meta name=\"twitter:data2\" content=\"1 minute\" \/>\n<script type=\"application\/ld+json\" class=\"yoast-schema-graph\">{\"@context\":\"https:\/\/schema.org\",\"@graph\":[{\"@type\":\"Article\",\"@id\":\"https:\/\/illuxi.com\/en\/illuxi-welcomes-mathieu-brillon-as-chief-operating-and-financial-officer-coo-cfo\/#article\",\"isPartOf\":{\"@id\":\"https:\/\/illuxi.com\/en\/illuxi-welcomes-mathieu-brillon-as-chief-operating-and-financial-officer-coo-cfo\/\"},\"author\":{\"name\":\"Philippe Richard Bertrand\",\"@id\":\"https:\/\/illuxi.com\/en\/#\/schema\/person\/aeff902a66a2b400c0e3fb0540eed343\"},\"headline\":\"illuxi Welcomes Mathieu Brillon as Chief Operating and Financial Officer (COO\/CFO)\",\"datePublished\":\"2025-06-23T16:31:44+00:00\",\"dateModified\":\"2025-06-23T16:31:13+00:00\",\"mainEntityOfPage\":{\"@id\":\"https:\/\/illuxi.com\/en\/illuxi-welcomes-mathieu-brillon-as-chief-operating-and-financial-officer-coo-cfo\/\"},\"wordCount\":185,\"commentCount\":0,\"publisher\":{\"@id\":\"https:\/\/illuxi.com\/en\/#organization\"},\"image\":{\"@id\":\"https:\/\/illuxi.com\/en\/illuxi-welcomes-mathieu-brillon-as-chief-operating-and-financial-officer-coo-cfo\/#primaryimage\"},\"thumbnailUrl\":\"https:\/\/illuxi.com\/wp-content\/uploads\/2025\/06\/Screenshot-2025-06-23-at-11.23.15.png\",\"articleSection\":[\"Corporate culture and team\"],\"inLanguage\":\"en-US\",\"potentialAction\":[{\"@type\":\"CommentAction\",\"name\":\"Comment\",\"target\":[\"https:\/\/illuxi.com\/en\/illuxi-welcomes-mathieu-brillon-as-chief-operating-and-financial-officer-coo-cfo\/#respond\"]}]},{\"@type\":\"WebPage\",\"@id\":\"https:\/\/illuxi.com\/en\/illuxi-welcomes-mathieu-brillon-as-chief-operating-and-financial-officer-coo-cfo\/\",\"url\":\"https:\/\/illuxi.com\/en\/illuxi-welcomes-mathieu-brillon-as-chief-operating-and-financial-officer-coo-cfo\/\",\"name\":\"illuxi Welcomes Mathieu Brillon as Chief Operating and Financial Officer (COO\/CFO) - illuxi\",\"isPartOf\":{\"@id\":\"https:\/\/illuxi.com\/en\/#website\"},\"primaryImageOfPage\":{\"@id\":\"https:\/\/illuxi.com\/en\/illuxi-welcomes-mathieu-brillon-as-chief-operating-and-financial-officer-coo-cfo\/#primaryimage\"},\"image\":{\"@id\":\"https:\/\/illuxi.com\/en\/illuxi-welcomes-mathieu-brillon-as-chief-operating-and-financial-officer-coo-cfo\/#primaryimage\"},\"thumbnailUrl\":\"https:\/\/illuxi.com\/wp-content\/uploads\/2025\/06\/Screenshot-2025-06-23-at-11.23.15.png\",\"datePublished\":\"2025-06-23T16:31:44+00:00\",\"dateModified\":\"2025-06-23T16:31:13+00:00\",\"breadcrumb\":{\"@id\":\"https:\/\/illuxi.com\/en\/illuxi-welcomes-mathieu-brillon-as-chief-operating-and-financial-officer-coo-cfo\/#breadcrumb\"},\"inLanguage\":\"en-US\",\"potentialAction\":[{\"@type\":\"ReadAction\",\"target\":[\"https:\/\/illuxi.com\/en\/illuxi-welcomes-mathieu-brillon-as-chief-operating-and-financial-officer-coo-cfo\/\"]}]},{\"@type\":\"ImageObject\",\"inLanguage\":\"en-US\",\"@id\":\"https:\/\/illuxi.com\/en\/illuxi-welcomes-mathieu-brillon-as-chief-operating-and-financial-officer-coo-cfo\/#primaryimage\",\"url\":\"https:\/\/illuxi.com\/wp-content\/uploads\/2025\/06\/Screenshot-2025-06-23-at-11.23.15.png\",\"contentUrl\":\"https:\/\/illuxi.com\/wp-content\/uploads\/2025\/06\/Screenshot-2025-06-23-at-11.23.15.png\",\"width\":806,\"height\":1206},{\"@type\":\"BreadcrumbList\",\"@id\":\"https:\/\/illuxi.com\/en\/illuxi-welcomes-mathieu-brillon-as-chief-operating-and-financial-officer-coo-cfo\/#breadcrumb\",\"itemListElement\":[{\"@type\":\"ListItem\",\"position\":1,\"name\":\"Accueil\",\"item\":\"https:\/\/illuxi.com\/en\/\"},{\"@type\":\"ListItem\",\"position\":2,\"name\":\"illuxi Welcomes Mathieu Brillon as Chief Operating and Financial Officer (COO\/CFO)\"}]},{\"@type\":\"WebSite\",\"@id\":\"https:\/\/illuxi.com\/en\/#website\",\"url\":\"https:\/\/illuxi.com\/en\/\",\"name\":\"illuxi\",\"description\":\"Plateforme personnalis\u00e9e pour \u00e9v\u00e9nements et formations\",\"publisher\":{\"@id\":\"https:\/\/illuxi.com\/en\/#organization\"},\"potentialAction\":[{\"@type\":\"SearchAction\",\"target\":{\"@type\":\"EntryPoint\",\"urlTemplate\":\"https:\/\/illuxi.com\/en\/?s={search_term_string}\"},\"query-input\":{\"@type\":\"PropertyValueSpecification\",\"valueRequired\":true,\"valueName\":\"search_term_string\"}}],\"inLanguage\":\"en-US\"},{\"@type\":\"Organization\",\"@id\":\"https:\/\/illuxi.com\/en\/#organization\",\"name\":\"illuxi\",\"url\":\"https:\/\/illuxi.com\/en\/\",\"logo\":{\"@type\":\"ImageObject\",\"inLanguage\":\"en-US\",\"@id\":\"https:\/\/illuxi.com\/en\/#\/schema\/logo\/image\/\",\"url\":\"https:\/\/illuxi.com\/wp-content\/uploads\/2022\/01\/illuxi_logo_couleurs-224.png\",\"contentUrl\":\"https:\/\/illuxi.com\/wp-content\/uploads\/2022\/01\/illuxi_logo_couleurs-224.png\",\"width\":224,\"height\":70,\"caption\":\"illuxi\"},\"image\":{\"@id\":\"https:\/\/illuxi.com\/en\/#\/schema\/logo\/image\/\"},\"sameAs\":[\"https:\/\/www.facebook.com\/intelligenceilluxi\/\",\"https:\/\/www.instagram.com\/intelligenceilluxi\/\",\"https:\/\/www.linkedin.com\/company\/illuxi\/\"]},{\"@type\":\"Person\",\"@id\":\"https:\/\/illuxi.com\/en\/#\/schema\/person\/aeff902a66a2b400c0e3fb0540eed343\",\"name\":\"Philippe Richard Bertrand\",\"image\":{\"@type\":\"ImageObject\",\"inLanguage\":\"en-US\",\"@id\":\"https:\/\/illuxi.com\/en\/#\/schema\/person\/image\/\",\"url\":\"https:\/\/secure.gravatar.com\/avatar\/53226fdc976e4245edc03e780672c31b285c6feaa9722e9bbac3b5a8f49a7cd6?s=96&d=mm&r=g\",\"contentUrl\":\"https:\/\/secure.gravatar.com\/avatar\/53226fdc976e4245edc03e780672c31b285c6feaa9722e9bbac3b5a8f49a7cd6?s=96&d=mm&r=g\",\"caption\":\"Philippe Richard Bertrand\"},\"description\":\"Continuellement \u00e0 l\u2019aff\u00fbt des nouvelles tendances dans les diff\u00e9rentes industries et \u00e0 l\u2019\u00e9chelle mondiale, il accompagne les dirigeants et leurs \u00e9quipes \u00e0 faire \u00e9voluer leurs mod\u00e8les d\u2019affaires. Expert en intelligence d\u2019affaires, il soutient les entreprises dans leur transformation et la cr\u00e9ation de strat\u00e9gies num\u00e9riques intelligentes et novatrices. ______________________________________________________________________________ Continually on the lookout for new trends in different industries and on a global scale, he supports managers and their teams in developing their business models. An expert in business intelligence, he supports companies in their transformation and the creation of intelligent and innovative digital strategies.\",\"sameAs\":[\"https:\/\/www.linkedin.com\/in\/philipperbertrand\/\"],\"url\":\"https:\/\/illuxi.com\/en\/author\/phil\/\"}]}<\/script>\n<!-- \/ Yoast SEO plugin. -->","yoast_head_json":{"title":"illuxi Welcomes Mathieu Brillon as Chief Operating and Financial Officer (COO\/CFO) - illuxi","robots":{"index":"index","follow":"follow","max-snippet":"max-snippet:-1","max-image-preview":"max-image-preview:large","max-video-preview":"max-video-preview:-1"},"canonical":"https:\/\/illuxi.com\/en\/illuxi-welcomes-mathieu-brillon-as-chief-operating-and-financial-officer-coo-cfo\/","og_locale":"en_US","og_type":"article","og_title":"illuxi welcomes Mathieu Brillon as Chief Operating and Financial Officer (COO\/CFO)","og_description":"We are pleased to announce the arrival of Mathieu Brillon to the illuxi executive team as Chief Operating and Financial Officer (COO\/CFO). This strategic appointment marks a major milestone in accelerating our growth and realizing our vision: to reinvent skills development in the age of artificial intelligence. Mathieu brings extensive experience in operational management, financial [&hellip;]","og_url":"https:\/\/illuxi.com\/en\/illuxi-welcomes-mathieu-brillon-as-chief-operating-and-financial-officer-coo-cfo\/","og_site_name":"illuxi","article_publisher":"https:\/\/www.facebook.com\/intelligenceilluxi\/","article_published_time":"2025-06-23T16:31:44+00:00","article_modified_time":"2025-06-23T16:31:13+00:00","og_image":[{"width":806,"height":1206,"url":"https:\/\/illuxi.com\/wp-content\/uploads\/2025\/06\/Screenshot-2025-06-23-at-11.23.15.png","type":"image\/png"}],"author":"Philippe Richard Bertrand","twitter_card":"summary_large_image","twitter_misc":{"Written by":"Philippe Richard Bertrand","Est. reading time":"1 minute"},"schema":{"@context":"https:\/\/schema.org","@graph":[{"@type":"Article","@id":"https:\/\/illuxi.com\/en\/illuxi-welcomes-mathieu-brillon-as-chief-operating-and-financial-officer-coo-cfo\/#article","isPartOf":{"@id":"https:\/\/illuxi.com\/en\/illuxi-welcomes-mathieu-brillon-as-chief-operating-and-financial-officer-coo-cfo\/"},"author":{"name":"Philippe Richard Bertrand","@id":"https:\/\/illuxi.com\/en\/#\/schema\/person\/aeff902a66a2b400c0e3fb0540eed343"},"headline":"illuxi Welcomes Mathieu Brillon as Chief Operating and Financial Officer (COO\/CFO)","datePublished":"2025-06-23T16:31:44+00:00","dateModified":"2025-06-23T16:31:13+00:00","mainEntityOfPage":{"@id":"https:\/\/illuxi.com\/en\/illuxi-welcomes-mathieu-brillon-as-chief-operating-and-financial-officer-coo-cfo\/"},"wordCount":185,"commentCount":0,"publisher":{"@id":"https:\/\/illuxi.com\/en\/#organization"},"image":{"@id":"https:\/\/illuxi.com\/en\/illuxi-welcomes-mathieu-brillon-as-chief-operating-and-financial-officer-coo-cfo\/#primaryimage"},"thumbnailUrl":"https:\/\/illuxi.com\/wp-content\/uploads\/2025\/06\/Screenshot-2025-06-23-at-11.23.15.png","articleSection":["Corporate culture and team"],"inLanguage":"en-US","potentialAction":[{"@type":"CommentAction","name":"Comment","target":["https:\/\/illuxi.com\/en\/illuxi-welcomes-mathieu-brillon-as-chief-operating-and-financial-officer-coo-cfo\/#respond"]}]},{"@type":"WebPage","@id":"https:\/\/illuxi.com\/en\/illuxi-welcomes-mathieu-brillon-as-chief-operating-and-financial-officer-coo-cfo\/","url":"https:\/\/illuxi.com\/en\/illuxi-welcomes-mathieu-brillon-as-chief-operating-and-financial-officer-coo-cfo\/","name":"illuxi Welcomes Mathieu Brillon as Chief Operating and Financial Officer (COO\/CFO) - illuxi","isPartOf":{"@id":"https:\/\/illuxi.com\/en\/#website"},"primaryImageOfPage":{"@id":"https:\/\/illuxi.com\/en\/illuxi-welcomes-mathieu-brillon-as-chief-operating-and-financial-officer-coo-cfo\/#primaryimage"},"image":{"@id":"https:\/\/illuxi.com\/en\/illuxi-welcomes-mathieu-brillon-as-chief-operating-and-financial-officer-coo-cfo\/#primaryimage"},"thumbnailUrl":"https:\/\/illuxi.com\/wp-content\/uploads\/2025\/06\/Screenshot-2025-06-23-at-11.23.15.png","datePublished":"2025-06-23T16:31:44+00:00","dateModified":"2025-06-23T16:31:13+00:00","breadcrumb":{"@id":"https:\/\/illuxi.com\/en\/illuxi-welcomes-mathieu-brillon-as-chief-operating-and-financial-officer-coo-cfo\/#breadcrumb"},"inLanguage":"en-US","potentialAction":[{"@type":"ReadAction","target":["https:\/\/illuxi.com\/en\/illuxi-welcomes-mathieu-brillon-as-chief-operating-and-financial-officer-coo-cfo\/"]}]},{"@type":"ImageObject","inLanguage":"en-US","@id":"https:\/\/illuxi.com\/en\/illuxi-welcomes-mathieu-brillon-as-chief-operating-and-financial-officer-coo-cfo\/#primaryimage","url":"https:\/\/illuxi.com\/wp-content\/uploads\/2025\/06\/Screenshot-2025-06-23-at-11.23.15.png","contentUrl":"https:\/\/illuxi.com\/wp-content\/uploads\/2025\/06\/Screenshot-2025-06-23-at-11.23.15.png","width":806,"height":1206},{"@type":"BreadcrumbList","@id":"https:\/\/illuxi.com\/en\/illuxi-welcomes-mathieu-brillon-as-chief-operating-and-financial-officer-coo-cfo\/#breadcrumb","itemListElement":[{"@type":"ListItem","position":1,"name":"Accueil","item":"https:\/\/illuxi.com\/en\/"},{"@type":"ListItem","position":2,"name":"illuxi Welcomes Mathieu Brillon as Chief Operating and Financial Officer (COO\/CFO)"}]},{"@type":"WebSite","@id":"https:\/\/illuxi.com\/en\/#website","url":"https:\/\/illuxi.com\/en\/","name":"illuxi","description":"Plateforme personnalis\u00e9e pour \u00e9v\u00e9nements et formations","publisher":{"@id":"https:\/\/illuxi.com\/en\/#organization"},"potentialAction":[{"@type":"SearchAction","target":{"@type":"EntryPoint","urlTemplate":"https:\/\/illuxi.com\/en\/?s={search_term_string}"},"query-input":{"@type":"PropertyValueSpecification","valueRequired":true,"valueName":"search_term_string"}}],"inLanguage":"en-US"},{"@type":"Organization","@id":"https:\/\/illuxi.com\/en\/#organization","name":"illuxi","url":"https:\/\/illuxi.com\/en\/","logo":{"@type":"ImageObject","inLanguage":"en-US","@id":"https:\/\/illuxi.com\/en\/#\/schema\/logo\/image\/","url":"https:\/\/illuxi.com\/wp-content\/uploads\/2022\/01\/illuxi_logo_couleurs-224.png","contentUrl":"https:\/\/illuxi.com\/wp-content\/uploads\/2022\/01\/illuxi_logo_couleurs-224.png","width":224,"height":70,"caption":"illuxi"},"image":{"@id":"https:\/\/illuxi.com\/en\/#\/schema\/logo\/image\/"},"sameAs":["https:\/\/www.facebook.com\/intelligenceilluxi\/","https:\/\/www.instagram.com\/intelligenceilluxi\/","https:\/\/www.linkedin.com\/company\/illuxi\/"]},{"@type":"Person","@id":"https:\/\/illuxi.com\/en\/#\/schema\/person\/aeff902a66a2b400c0e3fb0540eed343","name":"Philippe Richard Bertrand","image":{"@type":"ImageObject","inLanguage":"en-US","@id":"https:\/\/illuxi.com\/en\/#\/schema\/person\/image\/","url":"https:\/\/secure.gravatar.com\/avatar\/53226fdc976e4245edc03e780672c31b285c6feaa9722e9bbac3b5a8f49a7cd6?s=96&d=mm&r=g","contentUrl":"https:\/\/secure.gravatar.com\/avatar\/53226fdc976e4245edc03e780672c31b285c6feaa9722e9bbac3b5a8f49a7cd6?s=96&d=mm&r=g","caption":"Philippe Richard Bertrand"},"description":"Continuellement \u00e0 l\u2019aff\u00fbt des nouvelles tendances dans les diff\u00e9rentes industries et \u00e0 l\u2019\u00e9chelle mondiale, il accompagne les dirigeants et leurs \u00e9quipes \u00e0 faire \u00e9voluer leurs mod\u00e8les d\u2019affaires. Expert en intelligence d\u2019affaires, il soutient les entreprises dans leur transformation et la cr\u00e9ation de strat\u00e9gies num\u00e9riques intelligentes et novatrices. ______________________________________________________________________________ Continually on the lookout for new trends in different industries and on a global scale, he supports managers and their teams in developing their business models. An expert in business intelligence, he supports companies in their transformation and the creation of intelligent and innovative digital strategies.","sameAs":["https:\/\/www.linkedin.com\/in\/philipperbertrand\/"],"url":"https:\/\/illuxi.com\/en\/author\/phil\/"}]}},"_links":{"self":[{"href":"https:\/\/illuxi.com\/en\/wp-json\/wp\/v2\/posts\/4926","targetHints":{"allow":["GET"]}}],"collection":[{"href":"https:\/\/illuxi.com\/en\/wp-json\/wp\/v2\/posts"}],"about":[{"href":"https:\/\/illuxi.com\/en\/wp-json\/wp\/v2\/types\/post"}],"author":[{"embeddable":true,"href":"https:\/\/illuxi.com\/en\/wp-json\/wp\/v2\/users\/7"}],"replies":[{"embeddable":true,"href":"https:\/\/illuxi.com\/en\/wp-json\/wp\/v2\/comments?post=4926"}],"version-history":[{"count":5,"href":"https:\/\/illuxi.com\/en\/wp-json\/wp\/v2\/posts\/4926\/revisions"}],"predecessor-version":[{"id":4938,"href":"https:\/\/illuxi.com\/en\/wp-json\/wp\/v2\/posts\/4926\/revisions\/4938"}],"wp:featuredmedia":[{"embeddable":true,"href":"https:\/\/illuxi.com\/en\/wp-json\/wp\/v2\/media\/4928"}],"wp:attachment":[{"href":"https:\/\/illuxi.com\/en\/wp-json\/wp\/v2\/media?parent=4926"}],"wp:term":[{"taxonomy":"category","embeddable":true,"href":"https:\/\/illuxi.com\/en\/wp-json\/wp\/v2\/categories?post=4926"},{"taxonomy":"post_tag","embeddable":true,"href":"https:\/\/illuxi.com\/en\/wp-json\/wp\/v2\/tags?post=4926"}],"curies":[{"name":"wp","href":"https:\/\/api.w.org\/{rel}","templated":true}]}}